{"id":380,"date":"2025-09-16T16:29:34","date_gmt":"2025-09-16T15:29:34","guid":{"rendered":"https:\/\/uzo.hr\/?p=380"},"modified":"2025-11-30T11:47:53","modified_gmt":"2025-11-30T10:47:53","slug":"16-rujna-medunarodni-dan-zastite-ozonskog-sloja","status":"publish","type":"post","link":"https:\/\/uzo.hr\/index.php\/2025\/09\/16\/16-rujna-medunarodni-dan-zastite-ozonskog-sloja\/","title":{"rendered":"16. rujna \u2013 Me\u0111unarodni dan za\u0161tite ozonskog sloja"},"content":{"rendered":"\n<p>Udruga Zelena Oaza ve\u0107 niz godina radi na promicanju ekologije i za\u0161tite okoli\u0161a, okupljaju\u0107i volontere i stru\u010dnjake koji \u017eele doprinijeti o\u010duvanju na\u0161e prirode i podizati svijest o va\u017enim ekolo\u0161kim pitanjima.<\/p>\n\n\n\n<p>Posebnu pa\u017enju posve\u0107ujemo i globalnim ekolo\u0161kim temama, kao \u0161to je izme\u0111u ostalog i o\u010duvanje ozonskog omota\u010da. Dan o\u010duvanja ozonskog omota\u010da obilje\u017eava se svake godine 16. rujna, kako bi se podsjetilo na va\u017enost za\u0161tite ozona koji nas \u0161titi od \u0161tetnog ultravioletnog zra\u010denja sunca. Odluka o tome nastala je nakon me\u0111unarodnog priznanja problema zbog o\u0161te\u0107enja ozonskog sloja, posebice nakon usvajanja Montrealskog protokola 1987. godine, kojim su dr\u017eave svijeta zajedni\u010dki odlu\u010dile smanjiti kori\u0161tenje kemikalija koje uni\u0161tavaju ozon.<\/p>\n\n\n\n<p>Mali ljudi tako\u0111er mogu doprinijeti obnovi i za\u0161titi ozonskog omota\u010da kroz jednostavne, svakodnevne korake:<\/p>\n\n\n\n<ul class=\"wp-block-list\">\n<li>Izbjegavajte kori\u0161tenje proizvoda koji sadr\u017ee \u0161tetne kemikalije poput freona i drugih halogeniranih ugljikovodika.<\/li>\n\n\n\n<li>Podr\u017eavajte i koristite ure\u0111aje za klimatizaciju i hla\u0111enje koji su energetski u\u010dinkoviti i ekolo\u0161ki prihvatljivi.<\/li>\n\n\n\n<li>Promovirajte obnovljive izvore energije i smanjite upotrebu fosilnih goriva koja doprinose one\u010di\u0161\u0107enju.<\/li>\n\n\n\n<li>Sadite drve\u0107e i zelene povr\u0161ine koje poma\u017eu u smanjenju \u0161tetnih plinova u atmosferi.<\/li>\n\n\n\n<li>Reciklirajte i smanjujte koli\u010dinu otpada, posebice plastike i drugih \u0161tetnih materijala.<\/li>\n<\/ul>\n\n\n\n<p class=\"has-text-align-center\">&#8220;<strong>Udruga Zelena Oaza od srca poziva sve da 16. rujna sudjeluju u obilje\u017eavanju Svjetskog dana za\u0161tite ozonskog omota\u010da te zajedno doprinesu njegovom o\u010duvanju za budu\u0107e generacije.<\/strong>&#8220;<\/p>\n\n\n<div class=\"wp-block-image\">\n<figure class=\"aligncenter size-full\"><img loading=\"lazy\" decoding=\"async\" width=\"1024\" height=\"1024\" src=\"https:\/\/uzo.hr\/wp-content\/uploads\/2025\/09\/dan_zastite_ozonskog_omotaca.png\" alt=\"\" class=\"wp-image-381\" srcset=\"https:\/\/uzo.hr\/wp-content\/uploads\/2025\/09\/dan_zastite_ozonskog_omotaca.png 1024w, https:\/\/uzo.hr\/wp-content\/uploads\/2025\/09\/dan_zastite_ozonskog_omotaca-300x300.png 300w, https:\/\/uzo.hr\/wp-content\/uploads\/2025\/09\/dan_zastite_ozonskog_omotaca-150x150.png 150w, https:\/\/uzo.hr\/wp-content\/uploads\/2025\/09\/dan_zastite_ozonskog_omotaca-768x768.png 768w\" sizes=\"auto, (max-width: 1024px) 100vw, 1024px\" \/><\/figure>\n<\/div>","protected":false},"excerpt":{"rendered":"<p>Udruga Zelena Oaza ve\u0107 niz godina radi na promicanju ekologije i za\u0161tite okoli\u0161a, okupljaju\u0107i volontere i stru\u010dnjake koji \u017eele doprinijeti&#46;&#46;&#46;<\/p>\n","protected":false},"author":1,"featured_media":386,"comment_status":"closed","ping_status":"closed","sticky":false,"template":"","format":"standard","meta":{"footnotes":""},"categories":[19,4,25],"tags":[],"class_list":["post-380","post","type-post","status-publish","format-standard","has-post-thumbnail","hentry","category-_2025","category-edukacija","category-klima-se-klima"],"_links":{"self":[{"href":"https:\/\/uzo.hr\/index.php\/wp-json\/wp\/v2\/posts\/380","targetHints":{"allow":["GET"]}}],"collection":[{"href":"https:\/\/uzo.hr\/index.php\/wp-json\/wp\/v2\/posts"}],"about":[{"href":"https:\/\/uzo.hr\/index.php\/wp-json\/wp\/v2\/types\/post"}],"author":[{"embeddable":true,"href":"https:\/\/uzo.hr\/index.php\/wp-json\/wp\/v2\/users\/1"}],"replies":[{"embeddable":true,"href":"https:\/\/uzo.hr\/index.php\/wp-json\/wp\/v2\/comments?post=380"}],"version-history":[{"count":2,"href":"https:\/\/uzo.hr\/index.php\/wp-json\/wp\/v2\/posts\/380\/revisions"}],"predecessor-version":[{"id":385,"href":"https:\/\/uzo.hr\/index.php\/wp-json\/wp\/v2\/posts\/380\/revisions\/385"}],"wp:featuredmedia":[{"embeddable":true,"href":"https:\/\/uzo.hr\/index.php\/wp-json\/wp\/v2\/media\/386"}],"wp:attachment":[{"href":"https:\/\/uzo.hr\/index.php\/wp-json\/wp\/v2\/media?parent=380"}],"wp:term":[{"taxonomy":"category","embeddable":true,"href":"https:\/\/uzo.hr\/index.php\/wp-json\/wp\/v2\/categories?post=380"},{"taxonomy":"post_tag","embeddable":true,"href":"https:\/\/uzo.hr\/index.php\/wp-json\/wp\/v2\/tags?post=380"}],"curies":[{"name":"wp","href":"https:\/\/api.w.org\/{rel}","templated":true}]}}